
























{"id":31313,"date":"2024-05-24T19:33:29","date_gmt":"2024-05-24T17:33:29","guid":{"rendered":"https:\/\/women4biodiversity.org\/celebrating-international-day-for-biodiversity-2024\/"},"modified":"2025-02-13T10:51:56","modified_gmt":"2025-02-13T09:51:56","slug":"celebrating-international-day-for-biodiversity-2024","status":"publish","type":"post","link":"https:\/\/women4biodiversity.org\/fr\/celebrating-international-day-for-biodiversity-2024\/","title":{"rendered":"Celebrating International Day for Biodiversity 2024"},"content":{"rendered":"\r\n<p>On 22 May 2024, we celebrated the International Day for Biodiversity (<a href=\"https:\/\/www.cbd.int\/biodiversity-day\" target=\"_blank\" rel=\"noreferrer noopener\">IDB<\/a>)! The theme for 2024 is \u201c<strong>Be part of the Plan<\/strong>\u201d, a call to action for all stakeholders to halt and reverse the loss of biodiversity by supporting the implementation of the Kunming-Montreal Global Biodiversity Framework (KM-GBF), also referred to as the <a href=\"https:\/\/www.cbd.int\/gbf\" target=\"_blank\" rel=\"noreferrer noopener\">Biodiversity Plan<\/a>.<\/p>\r\n\r\n\r\n\r\n<p>The International Day for Biodiversity 2024 also coincided with two significant meetings of the Convention on Biological Diversity (<a href=\"http:\/\/www.cbd.int\" target=\"_blank\" rel=\"noreferrer noopener\">CBD<\/a>) happening right now in Nairobi, Kenya:<\/p>\r\n\r\n\r\n\r\n<ul class=\"wp-block-list\">\r\n<li>The twenty-sixth meeting of the Subsidiary Body on Scientific, Technical and Technological Advice (<a href=\"https:\/\/www.cbd.int\/conferences\/nairobi-2024\" target=\"_blank\" rel=\"noreferrer noopener\">SBSTTA-26<\/a>) from 13 May to 18 May 2024.<\/li>\r\n\r\n\r\n\r\n<li>The fourth meeting of the Subsidiary Body on Implementation (<a href=\"https:\/\/www.cbd.int\/conferences\/nairobi-2024\" target=\"_blank\" rel=\"noreferrer noopener\">SBI-4<\/a>) from 21 May to 29 May 2024.<\/li>\r\n<\/ul>\r\n\r\n\r\n\r\n<p style=\"font-size: 14px;\">Note: <em>Please go <a href=\"https:\/\/www.women4biodiversity.org\/sbstta26-sbi4\/\" target=\"_blank\" rel=\"noreferrer noopener\">here<\/a> to learn more about Women4Biodiversity&rsquo;s engagements at SBSTTA-26 and SBI-4. <\/em><\/p>\r\n\r\n\r\n\r\n<p>At Women4Biodiversity, we are proud to champion the invaluable roles of women and girls in biodiversity conservation and sustainable development. We are dedicated to promoting gender-responsive approaches to biodiversity conservation. On International Day for Biodiversity, we salute the spirits of women and girls around the world, both seen and unseen, who are working to protect and restore biodiversity for the present and future generations.<br \/><br \/>Join us in celebrating the International Day for Biodiversity. We hope you will enjoy the messages we have curated for this special day!<\/p>\r\n\r\n\r\n\r\n<h3 class=\"wp-block-heading\">\ud83d\udcfa Video message from Astrid Puntes Riano, Special Rapporteur on the human right to a clean, healthy, and sustainable environment, Office of the High Commissioner for Human Rights (OHCHR)<\/h3>\r\n\r\n\r\n\r\n<figure class=\"wp-block-embed aligncenter is-type-video is-provider-youtube wp-block-embed-youtube wp-embed-aspect-16-9 wp-has-aspect-ratio\">\r\n<div class=\"wp-block-embed__wrapper\">https:\/\/www.youtube.com\/watch?v=yuNJ5sKDORA&amp;t=5s<\/div>\r\n<\/figure>\r\n\r\n\r\n\r\n<p><a href=\"https:\/\/www.ohchr.org\/en\/special-procedures\/sr-environment\/ms-astrid-puentes-riano\" target=\"_blank\" rel=\"noreferrer noopener\">Astrid Puntes Riano, Special Rapporteur on the human right to a clean, healthy, and sustainable environment <\/a>at the Office of the High Commissioner for Human Rights (OHCHR), highlights the vital link between biodiversity conservation and human rights in <a href=\"https:\/\/www.cbd.int\/biodiversity-day\/messages\/2024\/civil-society\">her message.<\/a> She further stresses the need to ensure that human rights are at the centre of the implementation of the Biodiversity Plan.<\/p>\r\n\r\n\r\n\r\n<figure class=\"wp-block-image aligncenter size-full\"><img decoding=\"async\" class=\"wp-image-9185\" src=\"https:\/\/www.women4biodiversity.org\/wp-content\/uploads\/2024\/05\/image-1.png\" alt=\"\" \/>\r\n<figcaption class=\"wp-element-caption\">Astrid&rsquo;s message displayed on <a href=\"https:\/\/www.cbd.int\/biodiversity-day\/messages\/2024\/civil-society\" target=\"_blank\" rel=\"noreferrer noopener\">CBD&rsquo;s website<\/a><\/figcaption>\r\n<\/figure>\r\n\r\n\r\n\r\n<h3 class=\"wp-block-heading\">\ud83d\udcfa Video message from Mrinalini Rai, Director of Women4Biodiversity<\/h3>\r\n\r\n\r\n\r\n<figure class=\"wp-block-embed is-type-video is-provider-youtube wp-block-embed-youtube wp-embed-aspect-16-9 wp-has-aspect-ratio\">\r\n<div class=\"wp-block-embed__wrapper\">https:\/\/www.youtube.com\/watch?v=O8mE3I3uxWg<\/div>\r\n<\/figure>\r\n\r\n\r\n\r\n<p>Women4Biodiversity&rsquo;s Director, Mrinalini Rai, shared six key actions for successfully implementing the Kunming-Montreal Global Biodiversity Framework (<a href=\"https:\/\/www.cbd.int\/gbf\" target=\"_blank\" rel=\"noreferrer noopener\">KM-GBF<\/a>) or the <a href=\"https:\/\/www.cbd.int\/gbf\" target=\"_blank\" rel=\"noreferrer noopener\">Biodiversity Plan<\/a>.<br \/><br \/>1\ufe0f\u20e3 National and regional policies must integrate the KMGBF targets, ensuring that legal frameworks support biodiversity conservation and sustainable use.<br \/>2\ufe0f\u20e3 Adequate resources must be allocated to support capacity building at all levels, especially for women and marginalized communities.<br \/>3\ufe0f\u20e3 Robust monitoring and reporting frameworks must be established to track progress towards the KMGBF targets.<br \/>4\ufe0f\u20e3 Encourage active participation from the whole of society from Indigenous Peoples, Local Communities, youth and especially women to make them part of the plan.<br \/>5\ufe0f\u20e3 Forge collaborative efforts between the Rio Conventions and other biodiversity-related Multilateral Environment Agreements, including governments, non-governmental organizations, and international bodies.<br \/>6\ufe0f\u20e3 Eliminate barriers to women&rsquo;s participation in biodiversity conservation, support women-led projects, and integrate gender perspectives into all biodiversity planning and implementation aspects.<\/p>\r\n\r\n\r\n\r\n<p>&nbsp;<\/p>\r\n\r\n\r\n\r\n<figure class=\"wp-block-image aligncenter size-full\"><img decoding=\"async\" class=\"wp-image-9188\" src=\"https:\/\/www.women4biodiversity.org\/wp-content\/uploads\/2024\/05\/image-2.png\" alt=\"\" \/>\r\n<figcaption class=\"wp-element-caption\">Mrinalini&rsquo;s message displayed on <a href=\"https:\/\/www.cbd.int\/biodiversity-day\/messages\/2024\/civil-society\" target=\"_blank\" rel=\"noreferrer noopener\">CBD&rsquo;s website<\/a><\/figcaption>\r\n<\/figure>\r\n\r\n\r\n\r\n<h3 class=\"wp-block-heading\">\ud83d\udcfa Biodiversity Beat Interview: Meenal Tatpati, Research &amp; Policy Associate at Women4Biodiversity<\/h3>\r\n\r\n\r\n\r\n<figure class=\"wp-block-embed is-type-video is-provider-youtube wp-block-embed-youtube wp-embed-aspect-16-9 wp-has-aspect-ratio\">\r\n<div class=\"wp-block-embed__wrapper\">https:\/\/youtu.be\/P5R57lIiu9c?si=14JEqNEIAm060ypo<\/div>\r\n<\/figure>\r\n\r\n\r\n\r\n<p>At the SBSTTA26 meeting, Meenal Tatpati, Research and Policy Associate at Women4Biodiversity, was featured in <a href=\"https:\/\/youtube.com\/playlist?list=PL4yoXk7tzMgCn-cO86AcStt--WrSWB4TI&amp;si=gObTh12nlmDvTnUj\" target=\"_blank\" rel=\"noreferrer noopener\">Biodiversity Beat<\/a>. Meenal was interviewed by David Ainsworth, Head of Communications at the CBD Secretariat. Meenal talks about gender as a cross-cutting issue that expands to marine and coastal biodiversity conservation as well as the importance of the Monitoring Framework to measure the progress of <a href=\"https:\/\/www.cbd.int\/gbf\/targets\/23\" target=\"_blank\" rel=\"noreferrer noopener\">Target 23: Ensure Gender Equality and a Gender-Responsive Approach<\/a> for Biodiversity Action of the Biodiversity Plan.<\/p>\r\n\r\n\r\n\r\n<p>To learn more about the Monitoring Framework of Target 23, please go <a href=\"https:\/\/www.women4biodiversity.org\/information-session-on-indicator-methodology-of-target23-of-the-global-biodiversity-framework\/\" target=\"_blank\" rel=\"noreferrer noopener\">here<\/a>.<\/p>\r\n\r\n\r\n\r\n<h3 class=\"wp-block-heading\">\ud83d\udcfa Biodiversity Beat Interview: Alejandra Duarte, Policy Associate at Women4Biodiversity<\/h3>\r\n\r\n\r\n\r\n<figure class=\"wp-block-embed aligncenter is-type-video is-provider-youtube wp-block-embed-youtube wp-embed-aspect-16-9 wp-has-aspect-ratio\">\r\n<div class=\"wp-block-embed__wrapper\">https:\/\/youtu.be\/4Bok7TiK9fE?si=AVKwZ7IDqnuOk20K<\/div>\r\n<\/figure>\r\n\r\n\r\n\r\n<p>At the SBSTTA26 meeting, Alejandra Duarte, Policy Associate at Women4Biodiversity, was featured in <a href=\"https:\/\/youtube.com\/playlist?list=PL4yoXk7tzMgCn-cO86AcStt--WrSWB4TI&amp;si=gObTh12nlmDvTnUj\" target=\"_blank\" rel=\"noreferrer noopener\">Biodiversity Beat<\/a>. Alejandra was interviewed by David Ainsworth, Head of Communications at CBD Secretariat. Alejandra talked about Women4Biodiversity supporting <a href=\"https:\/\/www.women4biodiversity.org\/our-work\/pilot-restoration-sites\/\" target=\"_blank\" rel=\"noreferrer noopener\">six women-led restoration sites<\/a> in Asia, Africa, Latin America, and the Solomon Islands, which directly contributes to implementating of <a href=\"https:\/\/www.cbd.int\/gbf\/targets\/2\" target=\"_blank\" rel=\"noreferrer noopener\">Target 2: Restore 30% of all Degraded Ecosystems<\/a> of the Biodiversity Plan.<\/p>\r\n\r\n\r\n\r\n<h3 class=\"wp-block-heading\">\ud83d\udcfa Press Conference to Launch Two critical Gender Equality Documents<\/h3>\r\n\r\n\r\n\r\n<figure class=\"wp-block-embed aligncenter is-type-video is-provider-youtube wp-block-embed-youtube wp-embed-aspect-16-9 wp-has-aspect-ratio\">\r\n<div class=\"wp-block-embed__wrapper\">https:\/\/www.youtube.com\/watch?v=UqH-RAOl0Co&amp;t=235s<\/div>\r\n<\/figure>\r\n\r\n\r\n\r\n<p>On 23 May 2024, Women4Biodiversity held a press conference at SBI-4 to celebrate International Day for Biodiversity 2024 and to launch two essential documents to advance gender equality in implementing the Kunming-Montreal Global Biodiversity Framework (KM-GBF).<\/p>\r\n\r\n\r\n\r\n<p>First, Women4Biodiversity launched its in-house publication, <strong>Gender Equality and the Convention on Biological Diversity: A Compilation of Decision Text COP1- COP15<\/strong> in English, Spanish and French. The publication will be availble to read later.<\/p>\r\n\r\n\r\n\r\n<p>Second, it also launched the training module on <strong>Advancing Women\u2019s Rights and Gender Equality in the Implementation of the Kunming Montreal-Global Biodiversity Framework<\/strong> that was prepared in collaboration with WWF International.<\/p>\r\n\r\n\r\n\r\n<p>To read more about the press conference, please go <a href=\"https:\/\/www.women4biodiversity.org\/sbi-4-press-conference-women4biodiversity-launches-two-critical-gender-equality-documents\/\" target=\"_blank\" rel=\"noreferrer noopener\">here<\/a>.<\/p>\r\n\r\n\r\n\r\n<figure class=\"wp-block-image aligncenter size-full\"><img decoding=\"async\" class=\"wp-image-9189\" src=\"https:\/\/www.women4biodiversity.org\/wp-content\/uploads\/2024\/05\/image-3.png\" alt=\"\" \/>\r\n<figcaption class=\"wp-element-caption\">Announcement on the press conference on <a href=\"https:\/\/www.cbd.int\/biodiversity-day\/celebrations\/ke\" target=\"_blank\" rel=\"noreferrer noopener\">CBD&rsquo;s website<\/a><\/figcaption>\r\n<\/figure>\r\n\r\n\r\n\r\n<figure class=\"wp-block-image aligncenter size-large\"><img decoding=\"async\" class=\"wp-image-9186\" src=\"https:\/\/www.women4biodiversity.org\/wp-content\/uploads\/2024\/05\/Panel-photo-1-1024x768.jpeg\" alt=\"\" \/>\r\n<figcaption class=\"wp-element-caption\">Speaker panel from left to right: Cristina Eghenter, WWF; Mrinalini Rai, Women4Biodiversity; Rodah Rotino, PACEP; Ronja Fischer, GYBN; Alejandra Duarte, Women4Biodiversity<\/figcaption>\r\n<\/figure>\r\n","protected":false},"excerpt":{"rendered":"<p>Here is how Women4Biodiversity celebrated International Day for Biodiversity 2024! Scroll through the diverse and fun content!<\/p>\n","protected":false},"author":2,"featured_media":46092,"comment_status":"open","ping_status":"open","sticky":false,"template":"","format":"standard","meta":{"inline_featured_image":false,"ngg_post_thumbnail":0,"footnotes":""},"categories":[413],"tags":[],"class_list":{"0":"post-31313","1":"post","2":"type-post","3":"status-publish","4":"format-standard","5":"has-post-thumbnail","7":"category-evenements"},"yoast_head":"<!-- This site is optimized with the Yoast SEO plugin v25.4 - https:\/\/yoast.com\/wordpress\/plugins\/seo\/ -->\n<title>Celebrating International Day for Biodiversity 2024 - Women4Biodiversity<\/title>\n<meta name=\"robots\" content=\"index, follow, max-snippet:-1, max-image-preview:large, max-video-preview:-1\" \/>\n<link rel=\"canonical\" href=\"https:\/\/women4biodiversity.org\/fr\/celebrating-international-day-for-biodiversity-2024\/\" \/>\n<meta property=\"og:locale\" content=\"fr_FR\" \/>\n<meta property=\"og:type\" content=\"article\" \/>\n<meta property=\"og:title\" content=\"Celebrating International Day for Biodiversity 2024 - Women4Biodiversity\" \/>\n<meta property=\"og:description\" content=\"Here is how Women4Biodiversity celebrated International Day for Biodiversity 2024! Scroll through the diverse and fun content!\" \/>\n<meta property=\"og:url\" content=\"https:\/\/women4biodiversity.org\/fr\/celebrating-international-day-for-biodiversity-2024\/\" \/>\n<meta property=\"og:site_name\" content=\"Women4Biodiversity\" \/>\n<meta property=\"article:publisher\" content=\"https:\/\/www.facebook.com\/Women4Biodiversity\/\" \/>\n<meta property=\"article:published_time\" content=\"2024-05-24T17:33:29+00:00\" \/>\n<meta property=\"article:modified_time\" content=\"2025-02-13T09:51:56+00:00\" \/>\n<meta property=\"og:image\" content=\"https:\/\/women4biodiversity.org\/wp-content\/uploads\/2024\/05\/Website-IDB-blog-post.png\" \/>\n\t<meta property=\"og:image:width\" content=\"855\" \/>\n\t<meta property=\"og:image:height\" content=\"570\" \/>\n\t<meta property=\"og:image:type\" content=\"image\/png\" \/>\n<meta name=\"author\" content=\"Women4Biodiversity\" \/>\n<meta name=\"twitter:card\" content=\"summary_large_image\" \/>\n<meta name=\"twitter:creator\" content=\"@Women4Biodiv\" \/>\n<meta name=\"twitter:site\" content=\"@Women4Biodiv\" \/>\n<meta name=\"twitter:label1\" content=\"\u00c9crit par\" \/>\n\t<meta name=\"twitter:data1\" content=\"Women4Biodiversity\" \/>\n\t<meta name=\"twitter:label2\" content=\"Dur\u00e9e de lecture estim\u00e9e\" \/>\n\t<meta name=\"twitter:data2\" content=\"4 minutes\" \/>\n<script type=\"application\/ld+json\" class=\"yoast-schema-graph\">{\"@context\":\"https:\/\/schema.org\",\"@graph\":[{\"@type\":\"Article\",\"@id\":\"https:\/\/women4biodiversity.org\/fr\/celebrating-international-day-for-biodiversity-2024\/#article\",\"isPartOf\":{\"@id\":\"https:\/\/women4biodiversity.org\/fr\/celebrating-international-day-for-biodiversity-2024\/\"},\"author\":{\"name\":\"Women4Biodiversity\",\"@id\":\"https:\/\/women4biodiversity.org\/fr\/#\/schema\/person\/842b1c4f846d48d519a35df75bc30e24\"},\"headline\":\"Celebrating International Day for Biodiversity 2024\",\"datePublished\":\"2024-05-24T17:33:29+00:00\",\"dateModified\":\"2025-02-13T09:51:56+00:00\",\"mainEntityOfPage\":{\"@id\":\"https:\/\/women4biodiversity.org\/fr\/celebrating-international-day-for-biodiversity-2024\/\"},\"wordCount\":852,\"commentCount\":0,\"publisher\":{\"@id\":\"https:\/\/women4biodiversity.org\/fr\/#organization\"},\"image\":{\"@id\":\"https:\/\/women4biodiversity.org\/fr\/celebrating-international-day-for-biodiversity-2024\/#primaryimage\"},\"thumbnailUrl\":\"https:\/\/women4biodiversity.org\/wp-content\/uploads\/2024\/05\/Website-IDB-blog-post.png\",\"articleSection\":[\"Ev\u00e9nements\"],\"inLanguage\":\"fr-FR\",\"potentialAction\":[{\"@type\":\"CommentAction\",\"name\":\"Comment\",\"target\":[\"https:\/\/women4biodiversity.org\/fr\/celebrating-international-day-for-biodiversity-2024\/#respond\"]}]},{\"@type\":\"WebPage\",\"@id\":\"https:\/\/women4biodiversity.org\/fr\/celebrating-international-day-for-biodiversity-2024\/\",\"url\":\"https:\/\/women4biodiversity.org\/fr\/celebrating-international-day-for-biodiversity-2024\/\",\"name\":\"Celebrating International Day for Biodiversity 2024 - Women4Biodiversity\",\"isPartOf\":{\"@id\":\"https:\/\/women4biodiversity.org\/fr\/#website\"},\"primaryImageOfPage\":{\"@id\":\"https:\/\/women4biodiversity.org\/fr\/celebrating-international-day-for-biodiversity-2024\/#primaryimage\"},\"image\":{\"@id\":\"https:\/\/women4biodiversity.org\/fr\/celebrating-international-day-for-biodiversity-2024\/#primaryimage\"},\"thumbnailUrl\":\"https:\/\/women4biodiversity.org\/wp-content\/uploads\/2024\/05\/Website-IDB-blog-post.png\",\"datePublished\":\"2024-05-24T17:33:29+00:00\",\"dateModified\":\"2025-02-13T09:51:56+00:00\",\"breadcrumb\":{\"@id\":\"https:\/\/women4biodiversity.org\/fr\/celebrating-international-day-for-biodiversity-2024\/#breadcrumb\"},\"inLanguage\":\"fr-FR\",\"potentialAction\":[{\"@type\":\"ReadAction\",\"target\":[\"https:\/\/women4biodiversity.org\/fr\/celebrating-international-day-for-biodiversity-2024\/\"]}]},{\"@type\":\"ImageObject\",\"inLanguage\":\"fr-FR\",\"@id\":\"https:\/\/women4biodiversity.org\/fr\/celebrating-international-day-for-biodiversity-2024\/#primaryimage\",\"url\":\"https:\/\/women4biodiversity.org\/wp-content\/uploads\/2024\/05\/Website-IDB-blog-post.png\",\"contentUrl\":\"https:\/\/women4biodiversity.org\/wp-content\/uploads\/2024\/05\/Website-IDB-blog-post.png\",\"width\":855,\"height\":570},{\"@type\":\"BreadcrumbList\",\"@id\":\"https:\/\/women4biodiversity.org\/fr\/celebrating-international-day-for-biodiversity-2024\/#breadcrumb\",\"itemListElement\":[{\"@type\":\"ListItem\",\"position\":1,\"name\":\"Home\",\"item\":\"https:\/\/women4biodiversity.org\/fr\/landing\/\"},{\"@type\":\"ListItem\",\"position\":2,\"name\":\"Celebrating International Day for Biodiversity 2024\"}]},{\"@type\":\"WebSite\",\"@id\":\"https:\/\/women4biodiversity.org\/fr\/#website\",\"url\":\"https:\/\/women4biodiversity.org\/fr\/\",\"name\":\"Women4Biodiversity\",\"description\":\"\",\"publisher\":{\"@id\":\"https:\/\/women4biodiversity.org\/fr\/#organization\"},\"potentialAction\":[{\"@type\":\"SearchAction\",\"target\":{\"@type\":\"EntryPoint\",\"urlTemplate\":\"https:\/\/women4biodiversity.org\/fr\/?s={search_term_string}\"},\"query-input\":{\"@type\":\"PropertyValueSpecification\",\"valueRequired\":true,\"valueName\":\"search_term_string\"}}],\"inLanguage\":\"fr-FR\"},{\"@type\":\"Organization\",\"@id\":\"https:\/\/women4biodiversity.org\/fr\/#organization\",\"name\":\"Women4Biodiversity\",\"url\":\"https:\/\/women4biodiversity.org\/fr\/\",\"logo\":{\"@type\":\"ImageObject\",\"inLanguage\":\"fr-FR\",\"@id\":\"https:\/\/women4biodiversity.org\/fr\/#\/schema\/logo\/image\/\",\"url\":\"https:\/\/women4biodiversity.org\/wp-content\/uploads\/2024\/08\/W4B_LongLogo_2024-Amended-OH.svg\",\"contentUrl\":\"https:\/\/women4biodiversity.org\/wp-content\/uploads\/2024\/08\/W4B_LongLogo_2024-Amended-OH.svg\",\"width\":\"1024\",\"height\":\"1024\",\"caption\":\"Women4Biodiversity\"},\"image\":{\"@id\":\"https:\/\/women4biodiversity.org\/fr\/#\/schema\/logo\/image\/\"},\"sameAs\":[\"https:\/\/www.facebook.com\/Women4Biodiversity\/\",\"https:\/\/x.com\/Women4Biodiv\",\"https:\/\/www.instagram.com\/women4biodiv\/\"]},{\"@type\":\"Person\",\"@id\":\"https:\/\/women4biodiversity.org\/fr\/#\/schema\/person\/842b1c4f846d48d519a35df75bc30e24\",\"name\":\"Women4Biodiversity\",\"url\":\"https:\/\/women4biodiversity.org\/fr\/author\/women4biodiversity\/\"}]}<\/script>\n<!-- \/ Yoast SEO plugin. -->","yoast_head_json":{"title":"Celebrating International Day for Biodiversity 2024 - Women4Biodiversity","robots":{"index":"index","follow":"follow","max-snippet":"max-snippet:-1","max-image-preview":"max-image-preview:large","max-video-preview":"max-video-preview:-1"},"canonical":"https:\/\/women4biodiversity.org\/fr\/celebrating-international-day-for-biodiversity-2024\/","og_locale":"fr_FR","og_type":"article","og_title":"Celebrating International Day for Biodiversity 2024 - Women4Biodiversity","og_description":"Here is how Women4Biodiversity celebrated International Day for Biodiversity 2024! Scroll through the diverse and fun content!","og_url":"https:\/\/women4biodiversity.org\/fr\/celebrating-international-day-for-biodiversity-2024\/","og_site_name":"Women4Biodiversity","article_publisher":"https:\/\/www.facebook.com\/Women4Biodiversity\/","article_published_time":"2024-05-24T17:33:29+00:00","article_modified_time":"2025-02-13T09:51:56+00:00","og_image":[{"width":855,"height":570,"url":"https:\/\/women4biodiversity.org\/wp-content\/uploads\/2024\/05\/Website-IDB-blog-post.png","type":"image\/png"}],"author":"Women4Biodiversity","twitter_card":"summary_large_image","twitter_creator":"@Women4Biodiv","twitter_site":"@Women4Biodiv","twitter_misc":{"\u00c9crit par":"Women4Biodiversity","Dur\u00e9e de lecture estim\u00e9e":"4 minutes"},"schema":{"@context":"https:\/\/schema.org","@graph":[{"@type":"Article","@id":"https:\/\/women4biodiversity.org\/fr\/celebrating-international-day-for-biodiversity-2024\/#article","isPartOf":{"@id":"https:\/\/women4biodiversity.org\/fr\/celebrating-international-day-for-biodiversity-2024\/"},"author":{"name":"Women4Biodiversity","@id":"https:\/\/women4biodiversity.org\/fr\/#\/schema\/person\/842b1c4f846d48d519a35df75bc30e24"},"headline":"Celebrating International Day for Biodiversity 2024","datePublished":"2024-05-24T17:33:29+00:00","dateModified":"2025-02-13T09:51:56+00:00","mainEntityOfPage":{"@id":"https:\/\/women4biodiversity.org\/fr\/celebrating-international-day-for-biodiversity-2024\/"},"wordCount":852,"commentCount":0,"publisher":{"@id":"https:\/\/women4biodiversity.org\/fr\/#organization"},"image":{"@id":"https:\/\/women4biodiversity.org\/fr\/celebrating-international-day-for-biodiversity-2024\/#primaryimage"},"thumbnailUrl":"https:\/\/women4biodiversity.org\/wp-content\/uploads\/2024\/05\/Website-IDB-blog-post.png","articleSection":["Ev\u00e9nements"],"inLanguage":"fr-FR","potentialAction":[{"@type":"CommentAction","name":"Comment","target":["https:\/\/women4biodiversity.org\/fr\/celebrating-international-day-for-biodiversity-2024\/#respond"]}]},{"@type":"WebPage","@id":"https:\/\/women4biodiversity.org\/fr\/celebrating-international-day-for-biodiversity-2024\/","url":"https:\/\/women4biodiversity.org\/fr\/celebrating-international-day-for-biodiversity-2024\/","name":"Celebrating International Day for Biodiversity 2024 - Women4Biodiversity","isPartOf":{"@id":"https:\/\/women4biodiversity.org\/fr\/#website"},"primaryImageOfPage":{"@id":"https:\/\/women4biodiversity.org\/fr\/celebrating-international-day-for-biodiversity-2024\/#primaryimage"},"image":{"@id":"https:\/\/women4biodiversity.org\/fr\/celebrating-international-day-for-biodiversity-2024\/#primaryimage"},"thumbnailUrl":"https:\/\/women4biodiversity.org\/wp-content\/uploads\/2024\/05\/Website-IDB-blog-post.png","datePublished":"2024-05-24T17:33:29+00:00","dateModified":"2025-02-13T09:51:56+00:00","breadcrumb":{"@id":"https:\/\/women4biodiversity.org\/fr\/celebrating-international-day-for-biodiversity-2024\/#breadcrumb"},"inLanguage":"fr-FR","potentialAction":[{"@type":"ReadAction","target":["https:\/\/women4biodiversity.org\/fr\/celebrating-international-day-for-biodiversity-2024\/"]}]},{"@type":"ImageObject","inLanguage":"fr-FR","@id":"https:\/\/women4biodiversity.org\/fr\/celebrating-international-day-for-biodiversity-2024\/#primaryimage","url":"https:\/\/women4biodiversity.org\/wp-content\/uploads\/2024\/05\/Website-IDB-blog-post.png","contentUrl":"https:\/\/women4biodiversity.org\/wp-content\/uploads\/2024\/05\/Website-IDB-blog-post.png","width":855,"height":570},{"@type":"BreadcrumbList","@id":"https:\/\/women4biodiversity.org\/fr\/celebrating-international-day-for-biodiversity-2024\/#breadcrumb","itemListElement":[{"@type":"ListItem","position":1,"name":"Home","item":"https:\/\/women4biodiversity.org\/fr\/landing\/"},{"@type":"ListItem","position":2,"name":"Celebrating International Day for Biodiversity 2024"}]},{"@type":"WebSite","@id":"https:\/\/women4biodiversity.org\/fr\/#website","url":"https:\/\/women4biodiversity.org\/fr\/","name":"Women4Biodiversity","description":"","publisher":{"@id":"https:\/\/women4biodiversity.org\/fr\/#organization"},"potentialAction":[{"@type":"SearchAction","target":{"@type":"EntryPoint","urlTemplate":"https:\/\/women4biodiversity.org\/fr\/?s={search_term_string}"},"query-input":{"@type":"PropertyValueSpecification","valueRequired":true,"valueName":"search_term_string"}}],"inLanguage":"fr-FR"},{"@type":"Organization","@id":"https:\/\/women4biodiversity.org\/fr\/#organization","name":"Women4Biodiversity","url":"https:\/\/women4biodiversity.org\/fr\/","logo":{"@type":"ImageObject","inLanguage":"fr-FR","@id":"https:\/\/women4biodiversity.org\/fr\/#\/schema\/logo\/image\/","url":"https:\/\/women4biodiversity.org\/wp-content\/uploads\/2024\/08\/W4B_LongLogo_2024-Amended-OH.svg","contentUrl":"https:\/\/women4biodiversity.org\/wp-content\/uploads\/2024\/08\/W4B_LongLogo_2024-Amended-OH.svg","width":"1024","height":"1024","caption":"Women4Biodiversity"},"image":{"@id":"https:\/\/women4biodiversity.org\/fr\/#\/schema\/logo\/image\/"},"sameAs":["https:\/\/www.facebook.com\/Women4Biodiversity\/","https:\/\/x.com\/Women4Biodiv","https:\/\/www.instagram.com\/women4biodiv\/"]},{"@type":"Person","@id":"https:\/\/women4biodiversity.org\/fr\/#\/schema\/person\/842b1c4f846d48d519a35df75bc30e24","name":"Women4Biodiversity","url":"https:\/\/women4biodiversity.org\/fr\/author\/women4biodiversity\/"}]}},"_links":{"self":[{"href":"https:\/\/women4biodiversity.org\/fr\/wp-json\/wp\/v2\/posts\/31313","targetHints":{"allow":["GET"]}}],"collection":[{"href":"https:\/\/women4biodiversity.org\/fr\/wp-json\/wp\/v2\/posts"}],"about":[{"href":"https:\/\/women4biodiversity.org\/fr\/wp-json\/wp\/v2\/types\/post"}],"author":[{"embeddable":true,"href":"https:\/\/women4biodiversity.org\/fr\/wp-json\/wp\/v2\/users\/2"}],"replies":[{"embeddable":true,"href":"https:\/\/women4biodiversity.org\/fr\/wp-json\/wp\/v2\/comments?post=31313"}],"version-history":[{"count":2,"href":"https:\/\/women4biodiversity.org\/fr\/wp-json\/wp\/v2\/posts\/31313\/revisions"}],"predecessor-version":[{"id":46094,"href":"https:\/\/women4biodiversity.org\/fr\/wp-json\/wp\/v2\/posts\/31313\/revisions\/46094"}],"wp:featuredmedia":[{"embeddable":true,"href":"https:\/\/women4biodiversity.org\/fr\/wp-json\/wp\/v2\/media\/46092"}],"wp:attachment":[{"href":"https:\/\/women4biodiversity.org\/fr\/wp-json\/wp\/v2\/media?parent=31313"}],"wp:term":[{"taxonomy":"category","embeddable":true,"href":"https:\/\/women4biodiversity.org\/fr\/wp-json\/wp\/v2\/categories?post=31313"},{"taxonomy":"post_tag","embeddable":true,"href":"https:\/\/women4biodiversity.org\/fr\/wp-json\/wp\/v2\/tags?post=31313"}],"curies":[{"name":"wp","href":"https:\/\/api.w.org\/{rel}","templated":true}]}}